{"id":5023,"date":"2025-10-10T12:13:44","date_gmt":"2025-10-10T12:13:44","guid":{"rendered":"https:\/\/www.dimoraitalia.com\/blog\/?p=5023"},"modified":"2025-10-28T07:55:22","modified_gmt":"2025-10-28T07:55:22","slug":"fortezza-da-basso","status":"publish","type":"post","link":"https:\/\/www.dimoraitalia.com\/blog\/it\/fortezza-da-basso\/","title":{"rendered":"Visita la Fortezza da Basso: la fortezza medicea di Firenze"},"content":{"rendered":"\t\t<div data-elementor-type=\"wp-post\" data-elementor-id=\"5023\" class=\"elementor elementor-5023 elementor-4935\" data-elementor-post-type=\"post\">\n\t\t\t\t\t\t<section class=\"elementor-section elementor-top-section elementor-element elementor-element-16a4ec8d elementor-section-boxed elementor-section-height-default elementor-section-height-default\" data-id=\"16a4ec8d\" data-element_type=\"section\" data-e-type=\"section\">\n\t\t\t\t\t\t<div class=\"elementor-container elementor-column-gap-default\">\n\t\t\t\t\t<div class=\"elementor-column elementor-col-100 elementor-top-column elementor-element elementor-element-71ff0a57\" data-id=\"71ff0a57\" data-element_type=\"column\" data-e-type=\"column\">\n\t\t\t<div class=\"elementor-widget-wrap elementor-element-populated\">\n\t\t\t\t\t\t<div class=\"elementor-element elementor-element-2aa7cebd elementor-widget elementor-widget-text-editor\" data-id=\"2aa7cebd\" data-element_type=\"widget\" data-e-type=\"widget\" data-widget_type=\"text-editor.default\">\n\t\t\t\t<div class=\"elementor-widget-container\">\n\t\t\t\t\t\t\t\t\t<p><span style=\"font-weight: 400;\">Firenze \u00e8 una citt\u00e0 che non ha bisogno di presentazioni, eppure custodisce ancora segreti al di l\u00e0 dei sentieri battuti verso gli Uffizi e il Duomo. Nascosto a pochi passi dalla stazione ferroviaria principale, Santa Maria Novella, si trova un monumento di imponente potenza e storia silenziosa: la Fortezza da Basso. Questa colossale fortezza, spesso trascurata dai visitatori alle prime armi nella loro fretta di vedere i grandi del Rinascimento, \u00e8 una pietra angolare dell&#8217;identit\u00e0 fiorentina. \u00c8 un luogo in cui le lotte politiche dell&#8217;era medicea della citt\u00e0 e il suo ruolo moderno di centro culturale convergono in modo drammatico. Per comprendere appieno Firenze, bisogna guardare oltre le gallerie e nell&#8217;ombra delle sue formidabili mura.    <\/span><\/p>\t\t\t\t\t\t\t\t<\/div>\n\t\t\t\t<\/div>\n\t\t\t\t\t<\/div>\n\t\t<\/div>\n\t\t\t\t\t<\/div>\n\t\t<\/section>\n\t\t\t\t<section class=\"elementor-section elementor-top-section elementor-element elementor-element-1522dffe elementor-section-boxed elementor-section-height-default elementor-section-height-default\" data-id=\"1522dffe\" data-element_type=\"section\" data-e-type=\"section\">\n\t\t\t\t\t\t<div class=\"elementor-container elementor-column-gap-default\">\n\t\t\t\t\t<div class=\"elementor-column elementor-col-100 elementor-top-column elementor-element elementor-element-3552d6e6\" data-id=\"3552d6e6\" data-element_type=\"column\" data-e-type=\"column\">\n\t\t\t<div class=\"elementor-widget-wrap elementor-element-populated\">\n\t\t\t\t\t\t<div class=\"elementor-element elementor-element-643b918e elementor-widget elementor-widget-table-of-contents\" data-id=\"643b918e\" data-element_type=\"widget\" data-e-type=\"widget\" data-settings=\"{&quot;exclude_headings_by_selector&quot;:[],&quot;marker_view&quot;:&quot;bullets&quot;,&quot;icon&quot;:{&quot;value&quot;:&quot;fas fa-arrow-right&quot;,&quot;library&quot;:&quot;fa-solid&quot;},&quot;headings_by_tags&quot;:[&quot;h2&quot;,&quot;h3&quot;],&quot;no_headings_message&quot;:&quot;No headings were found on this page.&quot;,&quot;hierarchical_view&quot;:&quot;yes&quot;,&quot;min_height&quot;:{&quot;unit&quot;:&quot;px&quot;,&quot;size&quot;:&quot;&quot;,&quot;sizes&quot;:[]},&quot;min_height_tablet&quot;:{&quot;unit&quot;:&quot;px&quot;,&quot;size&quot;:&quot;&quot;,&quot;sizes&quot;:[]},&quot;min_height_mobile&quot;:{&quot;unit&quot;:&quot;px&quot;,&quot;size&quot;:&quot;&quot;,&quot;sizes&quot;:[]}}\" data-widget_type=\"table-of-contents.default\">\n\t\t\t\t<div class=\"elementor-widget-container\">\n\t\t\t\t\t\t\t\t\t<div class=\"elementor-toc__header\">\n\t\t\t\t\t\t<div class=\"elementor-toc__header-title\">\n\t\t\t\tIndice\t\t\t<\/div>\n\t\t\t\t\t\t\t\t<\/div>\n\t\t\t\t<div id=\"elementor-toc__643b918e\" class=\"elementor-toc__body\">\n\t\t\t<div class=\"elementor-toc__spinner-container\">\n\t\t\t\t<i class=\"elementor-toc__spinner eicon-animation-spin eicon-loading\" aria-hidden=\"true\"><\/i>\t\t\t<\/div>\n\t\t<\/div>\n\t\t\t\t\t\t<\/div>\n\t\t\t\t<\/div>\n\t\t\t\t\t<\/div>\n\t\t<\/div>\n\t\t\t\t\t<\/div>\n\t\t<\/section>\n\t\t\t\t<section class=\"elementor-section elementor-top-section elementor-element elementor-element-6e38228c elementor-section-boxed elementor-section-height-default elementor-section-height-default\" data-id=\"6e38228c\" data-element_type=\"section\" data-e-type=\"section\">\n\t\t\t\t\t\t<div class=\"elementor-container elementor-column-gap-default\">\n\t\t\t\t\t<div class=\"elementor-column elementor-col-100 elementor-top-column elementor-element elementor-element-cb7af95\" data-id=\"cb7af95\" data-element_type=\"column\" data-e-type=\"column\">\n\t\t\t<div class=\"elementor-widget-wrap elementor-element-populated\">\n\t\t\t\t\t\t<div class=\"elementor-element elementor-element-1a004848 elementor-widget elementor-widget-heading\" data-id=\"1a004848\" data-element_type=\"widget\" data-e-type=\"widget\" data-widget_type=\"heading.default\">\n\t\t\t\t<div class=\"elementor-widget-container\">\n\t\t\t\t\t<h2 class=\"elementor-heading-title elementor-size-default\">Storia della Fortezza da Basso\n<\/h2>\t\t\t\t<\/div>\n\t\t\t\t<\/div>\n\t\t\t\t<div class=\"elementor-element elementor-element-687fe71f elementor-widget elementor-widget-text-editor\" data-id=\"687fe71f\" data-element_type=\"widget\" data-e-type=\"widget\" data-widget_type=\"text-editor.default\">\n\t\t\t\t<div class=\"elementor-widget-container\">\n\t\t\t\t\t\t\t\t\t<p><span style=\"font-weight: 400;\">La storia della Fortezza da Basso \u00e8 indissolubilmente legata alla <strong>famiglia Medici e alla loro ferrea presa sul potere.<\/strong> Il suo nome ufficiale, Fortezza di San Giovanni Battista, smentisce il suo vero scopo, pi\u00f9 pragmatico. In seguito al traumatico Sacco di Roma del 1527 e al successivo rovesciamento del dominio dei Medici, un governo repubblicano prese il controllo di Firenze. Questo ebbe vita breve. Nel 1530, dopo un lungo assedio, i Medici furono restaurati al potere. Alessandro de&#8217; Medici, il nuovo Duca, si adoper\u00f2 immediatamente per garantire che una tale rivolta non potesse mai pi\u00f9 accadere.    <\/span><\/p><p><span style=\"font-weight: 400;\">La sua soluzione fu questa fortezza. Commissionata nel 1534 e progettata dai rinomati architetti Antonio da Sangallo il Giovane e Pier Francesco da Viterbo, la sua costruzione fu rapida e spietata. Per fare spazio, interi quartieri, chiese e monasteri furono demoliti. Il messaggio era chiaro: l&#8217;autorit\u00e0 dei Medici era ora assoluta e questo simbolo fisico del loro potere incombeva sui cittadini, un costante promemoria della loro sottomissione.    <\/span><\/p><p><span style=\"font-weight: 400;\">Era <strong>una delle costruzioni militari pi\u00f9 formidabili del suo tempo<\/strong>, progettata per resistere alle ribellioni interne piuttosto che alle invasioni esterne. Per secoli, \u00e8 servita come caserma e prigione militare, la sua severa facciata testimone silenziosa delle mutevoli maree della storia fiorentina. <\/span><\/p>\t\t\t\t\t\t\t\t<\/div>\n\t\t\t\t<\/div>\n\t\t\t\t<div class=\"elementor-element elementor-element-55913c1 elementor-widget elementor-widget-image\" data-id=\"55913c1\" data-element_type=\"widget\" data-e-type=\"widget\" data-widget_type=\"image.default\">\n\t\t\t\t<div class=\"elementor-widget-container\">\n\t\t\t\t\t\t\t\t\t\t\t\t\t\t\t<img fetchpriority=\"high\" decoding=\"async\" width=\"1254\" height=\"627\" src=\"https:\/\/www.dimoraitalia.com\/blog\/wp-content\/uploads\/2025\/10\/Fortezza-da-Basso-Florence.jpg\" class=\"attachment-full size-full wp-image-4961\" alt=\"Fortezza-da-Basso-Florence.jpg\" srcset=\"https:\/\/www.dimoraitalia.com\/blog\/wp-content\/uploads\/2025\/10\/Fortezza-da-Basso-Florence.jpg 1254w, https:\/\/www.dimoraitalia.com\/blog\/wp-content\/uploads\/2025\/10\/Fortezza-da-Basso-Florence-300x150.jpg 300w, https:\/\/www.dimoraitalia.com\/blog\/wp-content\/uploads\/2025\/10\/Fortezza-da-Basso-Florence-1024x512.jpg 1024w, https:\/\/www.dimoraitalia.com\/blog\/wp-content\/uploads\/2025\/10\/Fortezza-da-Basso-Florence-768x384.jpg 768w\" sizes=\"(max-width: 1254px) 100vw, 1254px\" \/>\t\t\t\t\t\t\t\t\t\t\t\t\t\t\t<\/div>\n\t\t\t\t<\/div>\n\t\t\t\t\t<\/div>\n\t\t<\/div>\n\t\t\t\t\t<\/div>\n\t\t<\/section>\n\t\t\t\t<section class=\"elementor-section elementor-top-section elementor-element elementor-element-5391c8e elementor-section-boxed elementor-section-height-default elementor-section-height-default\" data-id=\"5391c8e\" data-element_type=\"section\" data-e-type=\"section\">\n\t\t\t\t\t\t<div class=\"elementor-container elementor-column-gap-default\">\n\t\t\t\t\t<div class=\"elementor-column elementor-col-100 elementor-top-column elementor-element elementor-element-d196925\" data-id=\"d196925\" data-element_type=\"column\" data-e-type=\"column\">\n\t\t\t<div class=\"elementor-widget-wrap elementor-element-populated\">\n\t\t\t\t\t\t<div class=\"elementor-element elementor-element-8e532a1 elementor-widget elementor-widget-heading\" data-id=\"8e532a1\" data-element_type=\"widget\" data-e-type=\"widget\" data-widget_type=\"heading.default\">\n\t\t\t\t<div class=\"elementor-widget-container\">\n\t\t\t\t\t<h2 class=\"elementor-heading-title elementor-size-default\">Architettura e planimetria del complesso\n<\/h2>\t\t\t\t<\/div>\n\t\t\t\t<\/div>\n\t\t\t\t<div class=\"elementor-element elementor-element-5d25e40 elementor-widget elementor-widget-text-editor\" data-id=\"5d25e40\" data-element_type=\"widget\" data-e-type=\"widget\" data-widget_type=\"text-editor.default\">\n\t\t\t\t<div class=\"elementor-widget-container\">\n\t\t\t\t\t\t\t\t\t<p><span style=\"font-weight: 400;\">Avvicinandosi alla Fortezza da Basso, la prima cosa che colpisce \u00e8 la pura scala delle sue mura. L&#8217;architettura \u00e8 un capolavoro di ingegneria militare del XVI secolo. Le mura esterne formano un&#8217;unica forma pentagonale, un design che consentiva una migliore difesa e linee di fuoco. Sono costruite in robusta pietraforte, la stessa resistente arenaria che conferisce a molti edifici storici di Firenze la loro caratteristica tonalit\u00e0 marrone dorata. Questa deliberata mancanza di eleganza decorativa la distingue dalle strutture pi\u00f9 aggraziate della citt\u00e0, rafforzando la sua origine puramente funzionale e intimidatoria.    <\/span><\/p><p><span style=\"font-weight: 400;\">La planimetria \u00e8 un affascinante studio di strati difensivi. L&#8217;intero complesso \u00e8 circondato da un ampio fossato asciutto, un ostacolo formidabile per qualsiasi aspirante attaccante. L&#8217;elemento pi\u00f9 iconico \u00e8 il mastio centrale, noto come il Cassero. Questo \u00e8 il punto pi\u00f9 forte della fortezza, una struttura massiccia e imponente dove la guarnigione avrebbe fatto la sua ultima resistenza.    <\/span><\/p><p><span style=\"font-weight: 400;\">Nel corso degli anni, l&#8217;interno \u00e8 stato notevolmente modernizzato per servire al suo attuale ruolo di importante centro espositivo. Tuttavia, camminando lungo il perimetro, \u00e8 ancora possibile rintracciare i bastioni originali e sentire l&#8217;immenso potere difensivo del luogo. \u00c8 un netto contrasto con la bellezza artistica per cui Firenze \u00e8 famosa, offrendo uno sguardo crudo e avvincente al lato pragmatico della citt\u00e0.  <\/span><\/p>\t\t\t\t\t\t\t\t<\/div>\n\t\t\t\t<\/div>\n\t\t\t\t\t<\/div>\n\t\t<\/div>\n\t\t\t\t\t<\/div>\n\t\t<\/section>\n\t\t\t\t<section class=\"elementor-section elementor-top-section elementor-element elementor-element-d6e4aa1 elementor-section-boxed elementor-section-height-default elementor-section-height-default\" data-id=\"d6e4aa1\" data-element_type=\"section\" data-e-type=\"section\">\n\t\t\t\t\t\t<div class=\"elementor-container elementor-column-gap-default\">\n\t\t\t\t\t<div class=\"elementor-column elementor-col-100 elementor-top-column elementor-element elementor-element-a9a3558\" data-id=\"a9a3558\" data-element_type=\"column\" data-e-type=\"column\">\n\t\t\t<div class=\"elementor-widget-wrap elementor-element-populated\">\n\t\t\t\t\t\t<div class=\"elementor-element elementor-element-83bd27f elementor-widget elementor-widget-heading\" data-id=\"83bd27f\" data-element_type=\"widget\" data-e-type=\"widget\" data-widget_type=\"heading.default\">\n\t\t\t\t<div class=\"elementor-widget-container\">\n\t\t\t\t\t<h2 class=\"elementor-heading-title elementor-size-default\">Eventi e fiere alla Fortezza da Basso\n<\/h2>\t\t\t\t<\/div>\n\t\t\t\t<\/div>\n\t\t\t\t<div class=\"elementor-element elementor-element-88b03d4 elementor-widget elementor-widget-text-editor\" data-id=\"88b03d4\" data-element_type=\"widget\" data-e-type=\"widget\" data-widget_type=\"text-editor.default\">\n\t\t\t\t<div class=\"elementor-widget-container\">\n\t\t\t\t\t\t\t\t\t<p><span style=\"font-weight: 400;\">Oggi, la Fortezza da Basso \u00e8 stata interamente riproposta da strumento di controllo a faro del commercio e della cultura. \u00c8 uno dei centri congressi ed espositivi pi\u00f9 importanti della citt\u00e0, che infonde vita contemporanea alle sue antiche pietre. Le sale cavernose e i moderni padiglioni all&#8217;interno delle mura storiche ospitano un calendario dinamico di eventi che attirano folle internazionali.  <\/span><\/p><p><span style=\"font-weight: 400;\">Il pi\u00f9 famoso di questi \u00e8 senza dubbio <\/span><a href=\"https:\/\/www.pittimmagine.com\/\"><span style=\"font-weight: 400;\">Pitti Immagine<\/span><\/a><span style=\"font-weight: 400;\">, una serie di fiere di moda leader a livello mondiale che trasformano la fortezza nell&#8217;epicentro globale dello stile maschile e femminile due volte all&#8217;anno.<\/span> <\/p><p><span style=\"font-weight: 400;\">Oltre all&#8217;alta moda, il luogo ospita di tutto, dalle principali fiere commerciali come l&#8217;artigianale <\/span><a href=\"https:\/\/mostrartigianato.it\/en\/\"><span style=\"font-weight: 400;\">MIDA<\/span><\/a><span style=\"font-weight: 400;\"> a eventi pubblici.<\/span> <\/p><p><span style=\"font-weight: 400;\">Vale la pena notare che il panorama degli eventi a Firenze \u00e8 in continua evoluzione. Ad esempio, la  <\/span><a href=\"https:\/\/www.dimoraitalia.com\/blog\/it\/maratona-di-firenze\/\"><span style=\"font-weight: 400;\">Florence Marathon<\/span><\/a><span style=\"font-weight: 400;\"> expo, un tempo un appuntamento fisso qui, si \u00e8 ora trasferita alla Stazione Leopolda. Questa costante rotazione ed evoluzione degli eventi significa che il programma della fortezza \u00e8 sempre vivace. \u00c8 una parte viva e attiva dell&#8217;economia della citt\u00e0.   <\/span><\/p><p><span style=\"font-weight: 400;\">Per i visitatori, <strong>controllare il programma degli eventi prima di partire \u00e8 essenziale<\/strong>; potreste trovare di tutto, da una mostra di auto d&#8217;epoca a un festival gastronomico dietro le mura storiche, offrendo un&#8217;esperienza fiorentina unica e moderna.<\/span><\/p>\t\t\t\t\t\t\t\t<\/div>\n\t\t\t\t<\/div>\n\t\t\t\t<div class=\"elementor-element elementor-element-6572ce7 elementor-widget elementor-widget-image\" data-id=\"6572ce7\" data-element_type=\"widget\" data-e-type=\"widget\" data-widget_type=\"image.default\">\n\t\t\t\t<div class=\"elementor-widget-container\">\n\t\t\t\t\t\t\t\t\t\t\t\t\t\t\t<img decoding=\"async\" width=\"1254\" height=\"627\" src=\"https:\/\/www.dimoraitalia.com\/blog\/wp-content\/uploads\/2025\/10\/Fortezza-da-Basso-1.jpg\" class=\"attachment-full size-full wp-image-4969\" alt=\"Fortezza-da-Basso\" srcset=\"https:\/\/www.dimoraitalia.com\/blog\/wp-content\/uploads\/2025\/10\/Fortezza-da-Basso-1.jpg 1254w, https:\/\/www.dimoraitalia.com\/blog\/wp-content\/uploads\/2025\/10\/Fortezza-da-Basso-1-300x150.jpg 300w, https:\/\/www.dimoraitalia.com\/blog\/wp-content\/uploads\/2025\/10\/Fortezza-da-Basso-1-1024x512.jpg 1024w, https:\/\/www.dimoraitalia.com\/blog\/wp-content\/uploads\/2025\/10\/Fortezza-da-Basso-1-768x384.jpg 768w\" sizes=\"(max-width: 1254px) 100vw, 1254px\" \/>\t\t\t\t\t\t\t\t\t\t\t\t\t\t\t<\/div>\n\t\t\t\t<\/div>\n\t\t\t\t\t<\/div>\n\t\t<\/div>\n\t\t\t\t\t<\/div>\n\t\t<\/section>\n\t\t\t\t<section class=\"elementor-section elementor-top-section elementor-element elementor-element-b06a0b8 elementor-section-boxed elementor-section-height-default elementor-section-height-default\" data-id=\"b06a0b8\" data-element_type=\"section\" data-e-type=\"section\">\n\t\t\t\t\t\t<div class=\"elementor-container elementor-column-gap-default\">\n\t\t\t\t\t<div class=\"elementor-column elementor-col-100 elementor-top-column elementor-element elementor-element-c0df78f\" data-id=\"c0df78f\" data-element_type=\"column\" data-e-type=\"column\">\n\t\t\t<div class=\"elementor-widget-wrap elementor-element-populated\">\n\t\t\t\t\t\t<div class=\"elementor-element elementor-element-23060ca elementor-widget elementor-widget-heading\" data-id=\"23060ca\" data-element_type=\"widget\" data-e-type=\"widget\" data-widget_type=\"heading.default\">\n\t\t\t\t<div class=\"elementor-widget-container\">\n\t\t\t\t\t<h2 class=\"elementor-heading-title elementor-size-default\">Come visitare la fortezza\n<\/h2>\t\t\t\t<\/div>\n\t\t\t\t<\/div>\n\t\t\t\t<div class=\"elementor-element elementor-element-6576450 elementor-widget elementor-widget-text-editor\" data-id=\"6576450\" data-element_type=\"widget\" data-e-type=\"widget\" data-widget_type=\"text-editor.default\">\n\t\t\t\t<div class=\"elementor-widget-container\">\n\t\t\t\t\t\t\t\t\t<p><span style=\"font-weight: 400;\">Visitare la Fortezza da Basso \u00e8 semplice, ma richiede un po&#8217; di pianificazione rispetto a un museo standard. In quanto centro espositivo funzionante, l&#8217;accesso pubblico all&#8217;interno dipende principalmente dal fatto che si stia svolgendo un evento. Se c&#8217;\u00e8 una fiera o uno spettacolo pubblico, \u00e8 possibile entrare acquistando un biglietto per quello specifico evento. Questi biglietti sono in genere disponibili online tramite il    <\/span><a href=\"https:\/\/www.firenzefiera.it\/eventi\"><span style=\"font-weight: 400;\">sito web di Firenze Fiera<\/span><\/a><span style=\"font-weight: 400;\"> o presso la biglietteria in loco durante l&#8217;evento.<\/span><\/p><p><span style=\"font-weight: 400;\">Se la vostra visita coincide con un periodo in cui non sono previsti eventi, le sale interne saranno probabilmente chiuse. Tuttavia, questo non \u00e8 un motivo per saltarla. Gli ampi spazi esterni, le mura massicce e il fossato asciutto sono liberamente accessibili al pubblico. Potete percorrere l&#8217;intero perimetro, apprezzando la scala e l&#8217;architettura senza spendere un centesimo. \u00c8 un&#8217;attivit\u00e0 fantastica da combinare con una visita ad altre attrazioni vicine.    <\/span><\/p><p><span style=\"font-weight: 400;\">Le linee del tram T1.3 e T2 fermano a \u201cFortezza\u201d proprio di fronte all&#8217;ingresso; numerosi autobus, tra cui il 12, il 7 e il 20, terminano anch&#8217;essi qui. Gli automobilisti pagano 2 \u20ac all&#8217;ora nel parcheggio sotterraneo, ma i posti scompaiono rapidamente durante le fiere. Pertanto, \u00e8 consigliabile arrivare prima delle 09:00 o utilizzare il park-and-ride di Santa Maria Novella e camminare per dieci minuti.  <\/span><\/p>\t\t\t\t\t\t\t\t<\/div>\n\t\t\t\t<\/div>\n\t\t\t\t<div class=\"elementor-element elementor-element-f81f609 elementor-widget elementor-widget-google_maps\" data-id=\"f81f609\" data-element_type=\"widget\" data-e-type=\"widget\" data-widget_type=\"google_maps.default\">\n\t\t\t\t<div class=\"elementor-widget-container\">\n\t\t\t\t\t\t\t<div class=\"elementor-custom-embed\">\n\t\t\t<iframe loading=\"lazy\"\n\t\t\t\t\tsrc=\"https:\/\/maps.google.com\/maps?q=Florence%20fortess%20da%20basso&#038;t=m&#038;z=9&#038;output=embed&#038;iwloc=near\"\n\t\t\t\t\ttitle=\"Florence fortess da basso\"\n\t\t\t\t\taria-label=\"Florence fortess da basso\"\n\t\t\t><\/iframe>\n\t\t<\/div>\n\t\t\t\t\t\t<\/div>\n\t\t\t\t<\/div>\n\t\t\t\t\t<\/div>\n\t\t<\/div>\n\t\t\t\t\t<\/div>\n\t\t<\/section>\n\t\t\t\t<section class=\"elementor-section elementor-top-section elementor-element elementor-element-d81f488 elementor-section-boxed elementor-section-height-default elementor-section-height-default\" data-id=\"d81f488\" data-element_type=\"section\" data-e-type=\"section\">\n\t\t\t\t\t\t<div class=\"elementor-container elementor-column-gap-default\">\n\t\t\t\t\t<div class=\"elementor-column elementor-col-100 elementor-top-column elementor-element elementor-element-ff982c5\" data-id=\"ff982c5\" data-element_type=\"column\" data-e-type=\"column\">\n\t\t\t<div class=\"elementor-widget-wrap elementor-element-populated\">\n\t\t\t\t\t\t<div class=\"elementor-element elementor-element-c31f59c elementor-widget elementor-widget-heading\" data-id=\"c31f59c\" data-element_type=\"widget\" data-e-type=\"widget\" data-widget_type=\"heading.default\">\n\t\t\t\t<div class=\"elementor-widget-container\">\n\t\t\t\t\t<h2 class=\"elementor-heading-title elementor-size-default\">Venite a scoprire la Fortezza da Basso\n<\/h2>\t\t\t\t<\/div>\n\t\t\t\t<\/div>\n\t\t\t\t<div class=\"elementor-element elementor-element-7d72f28 elementor-widget elementor-widget-text-editor\" data-id=\"7d72f28\" data-element_type=\"widget\" data-e-type=\"widget\" data-widget_type=\"text-editor.default\">\n\t\t\t\t<div class=\"elementor-widget-container\">\n\t\t\t\t\t\t\t\t\t<p><span style=\"font-weight: 400;\">La Fortezza da Basso si erge come una potente testimonianza di un lato diverso di Firenze: uno di potere grezzo, intrighi politici e adattamento resiliente. \u00c8 un pezzo essenziale della narrativa della citt\u00e0, che offre un contrasto avvincente con i suoi tesori artistici pi\u00f9 famosi. Dalle sue origini come roccaforte medicea alla sua vita attuale come centro pulsante di eventi internazionali, la fortezza richiede attenzione.  <\/span><\/p><p><span style=\"font-weight: 400;\">Esplorare a fondo questo punto di riferimento, insieme alle innumerevoli altre meraviglie della citt\u00e0, richiede una base di pari distinzione. Dopo una giornata trascorsa a decifrare capolavori rinascimentali e formidabili fortezze, ritiratevi nel comfort e nell&#8217;eleganza di una residenza privata curata da  <\/span><b>Dimora Italia<\/b><span style=\"font-weight: 400;\">. Siamo specializzati nella ricerca delle migliori ville di lusso e appartamenti esclusivi in citt\u00e0 a Firenze e Venezia, assicurandovi un soggiorno memorabile come le destinazioni che esplorate. Scoprite ulteriori ispirazioni e approfondimenti di viaggio sul nostro  <\/span><a href=\"https:\/\/www.dimoraitalia.com\/blog\/it\/\"><span style=\"font-weight: 400;\">blog<\/span><\/a><span style=\"font-weight: 400;\"> e lasciate che vi aiutiamo a trovare la sistemazione perfetta da cui scoprire i numerosi strati di Firenze.<\/span><\/p><p><a href=\"https:\/\/www.dimoraitalia.com\/it\/affitti-brevi-firenze\/\"><span style=\"font-weight: 400;\">Sfoglia subito le nostre propriet\u00e0 a Firenze<\/span><\/a><\/p>\t\t\t\t\t\t\t\t<\/div>\n\t\t\t\t<\/div>\n\t\t\t\t\t<\/div>\n\t\t<\/div>\n\t\t\t\t\t<\/div>\n\t\t<\/section>\n\t\t\t\t<\/div>\n\t\t","protected":false},"excerpt":{"rendered":"<p>Firenze \u00e8 una citt\u00e0 che non ha bisogno di presentazioni, eppure custodisce ancora segreti al di l\u00e0 dei sentieri battuti verso gli Uffizi e il Duomo. Nascosto a pochi passi dalla stazione ferroviaria principale, Santa Maria Novella, si trova un monumento di imponente potenza e storia silenziosa: la Fortezza da Basso. Questa colossale fortezza, spesso [&hellip;]<\/p>\n","protected":false},"author":3,"featured_media":4966,"comment_status":"closed","ping_status":"closed","sticky":false,"template":"","format":"standard","meta":{"footnotes":""},"categories":[52],"tags":[],"class_list":["post-5023","post","type-post","status-publish","format-standard","has-post-thumbnail","hentry","category-viaggio-firenze"],"yoast_head":"<!-- This site is optimized with the Yoast SEO plugin v27.4 - https:\/\/yoast.com\/product\/yoast-seo-wordpress\/ -->\n<title>Visita la Fortezza da Basso: la fortezza medicea di Firenze - La Dolce Vita: Travel in Italy<\/title>\n<meta name=\"description\" content=\"Scopri la Fortezza da Basso, un sito storico di Firenze che ospita eventi, arte e un&#039;architettura unica.\" \/>\n<meta name=\"robots\" content=\"index, follow, max-snippet:-1, max-image-preview:large, max-video-preview:-1\" \/>\n<link rel=\"canonical\" href=\"https:\/\/www.dimoraitalia.com\/blog\/it\/fortezza-da-basso\/\" \/>\n<meta property=\"og:locale\" content=\"it_IT\" \/>\n<meta property=\"og:type\" content=\"article\" \/>\n<meta property=\"og:title\" content=\"Visita la Fortezza da Basso: la fortezza medicea di Firenze - La Dolce Vita: Travel in Italy\" \/>\n<meta property=\"og:description\" content=\"Scopri la Fortezza da Basso, un sito storico di Firenze che ospita eventi, arte e un&#039;architettura unica.\" \/>\n<meta property=\"og:url\" content=\"https:\/\/www.dimoraitalia.com\/blog\/it\/fortezza-da-basso\/\" \/>\n<meta property=\"og:site_name\" content=\"La Dolce Vita: Travel in Italy\" \/>\n<meta property=\"article:publisher\" content=\"https:\/\/www.facebook.com\/dimoraitalia\/\" \/>\n<meta property=\"article:published_time\" content=\"2025-10-10T12:13:44+00:00\" \/>\n<meta property=\"article:modified_time\" content=\"2025-10-28T07:55:22+00:00\" \/>\n<meta property=\"og:image\" content=\"https:\/\/www.dimoraitalia.com\/blog\/wp-content\/uploads\/2025\/10\/Fortezza-da-Basso-in-Florence.jpg\" \/>\n\t<meta property=\"og:image:width\" content=\"1758\" \/>\n\t<meta property=\"og:image:height\" content=\"586\" \/>\n\t<meta property=\"og:image:type\" content=\"image\/jpeg\" \/>\n<meta name=\"author\" content=\"Richard\" \/>\n<meta name=\"twitter:card\" content=\"summary_large_image\" \/>\n<meta name=\"twitter:label1\" content=\"Scritto da\" \/>\n\t<meta name=\"twitter:data1\" content=\"Richard\" \/>\n\t<meta name=\"twitter:label2\" content=\"Tempo di lettura stimato\" \/>\n\t<meta name=\"twitter:data2\" content=\"6 minuti\" \/>\n<script type=\"application\/ld+json\" class=\"yoast-schema-graph\">{\"@context\":\"https:\\\/\\\/schema.org\",\"@graph\":[{\"@type\":\"Article\",\"@id\":\"https:\\\/\\\/www.dimoraitalia.com\\\/blog\\\/it\\\/fortezza-da-basso\\\/#article\",\"isPartOf\":{\"@id\":\"https:\\\/\\\/www.dimoraitalia.com\\\/blog\\\/it\\\/fortezza-da-basso\\\/\"},\"author\":{\"name\":\"Richard\",\"@id\":\"https:\\\/\\\/www.dimoraitalia.com\\\/blog\\\/#\\\/schema\\\/person\\\/fd97a3c628ecbd215b85788bbdcbf8cd\"},\"headline\":\"Visita la Fortezza da Basso: la fortezza medicea di Firenze\",\"datePublished\":\"2025-10-10T12:13:44+00:00\",\"dateModified\":\"2025-10-28T07:55:22+00:00\",\"mainEntityOfPage\":{\"@id\":\"https:\\\/\\\/www.dimoraitalia.com\\\/blog\\\/it\\\/fortezza-da-basso\\\/\"},\"wordCount\":1120,\"publisher\":{\"@id\":\"https:\\\/\\\/www.dimoraitalia.com\\\/blog\\\/#organization\"},\"image\":{\"@id\":\"https:\\\/\\\/www.dimoraitalia.com\\\/blog\\\/it\\\/fortezza-da-basso\\\/#primaryimage\"},\"thumbnailUrl\":\"https:\\\/\\\/www.dimoraitalia.com\\\/blog\\\/wp-content\\\/uploads\\\/2025\\\/10\\\/Fortezza-da-Basso-in-Florence.jpg\",\"articleSection\":[\"Firenze\"],\"inLanguage\":\"it-IT\"},{\"@type\":\"WebPage\",\"@id\":\"https:\\\/\\\/www.dimoraitalia.com\\\/blog\\\/it\\\/fortezza-da-basso\\\/\",\"url\":\"https:\\\/\\\/www.dimoraitalia.com\\\/blog\\\/it\\\/fortezza-da-basso\\\/\",\"name\":\"Visita la Fortezza da Basso: la fortezza medicea di Firenze - La Dolce Vita: Travel in Italy\",\"isPartOf\":{\"@id\":\"https:\\\/\\\/www.dimoraitalia.com\\\/blog\\\/#website\"},\"primaryImageOfPage\":{\"@id\":\"https:\\\/\\\/www.dimoraitalia.com\\\/blog\\\/it\\\/fortezza-da-basso\\\/#primaryimage\"},\"image\":{\"@id\":\"https:\\\/\\\/www.dimoraitalia.com\\\/blog\\\/it\\\/fortezza-da-basso\\\/#primaryimage\"},\"thumbnailUrl\":\"https:\\\/\\\/www.dimoraitalia.com\\\/blog\\\/wp-content\\\/uploads\\\/2025\\\/10\\\/Fortezza-da-Basso-in-Florence.jpg\",\"datePublished\":\"2025-10-10T12:13:44+00:00\",\"dateModified\":\"2025-10-28T07:55:22+00:00\",\"description\":\"Scopri la Fortezza da Basso, un sito storico di Firenze che ospita eventi, arte e un'architettura unica.\",\"breadcrumb\":{\"@id\":\"https:\\\/\\\/www.dimoraitalia.com\\\/blog\\\/it\\\/fortezza-da-basso\\\/#breadcrumb\"},\"inLanguage\":\"it-IT\",\"potentialAction\":[{\"@type\":\"ReadAction\",\"target\":[\"https:\\\/\\\/www.dimoraitalia.com\\\/blog\\\/it\\\/fortezza-da-basso\\\/\"]}]},{\"@type\":\"ImageObject\",\"inLanguage\":\"it-IT\",\"@id\":\"https:\\\/\\\/www.dimoraitalia.com\\\/blog\\\/it\\\/fortezza-da-basso\\\/#primaryimage\",\"url\":\"https:\\\/\\\/www.dimoraitalia.com\\\/blog\\\/wp-content\\\/uploads\\\/2025\\\/10\\\/Fortezza-da-Basso-in-Florence.jpg\",\"contentUrl\":\"https:\\\/\\\/www.dimoraitalia.com\\\/blog\\\/wp-content\\\/uploads\\\/2025\\\/10\\\/Fortezza-da-Basso-in-Florence.jpg\",\"width\":1758,\"height\":586,\"caption\":\"Fortezza-da-Basso-in-Florence.jpg\"},{\"@type\":\"BreadcrumbList\",\"@id\":\"https:\\\/\\\/www.dimoraitalia.com\\\/blog\\\/it\\\/fortezza-da-basso\\\/#breadcrumb\",\"itemListElement\":[{\"@type\":\"ListItem\",\"position\":1,\"name\":\"Home\",\"item\":\"https:\\\/\\\/www.dimoraitalia.com\\\/blog\\\/\"},{\"@type\":\"ListItem\",\"position\":2,\"name\":\"Visita la Fortezza da Basso: la fortezza medicea di Firenze\"}]},{\"@type\":\"WebSite\",\"@id\":\"https:\\\/\\\/www.dimoraitalia.com\\\/blog\\\/#website\",\"url\":\"https:\\\/\\\/www.dimoraitalia.com\\\/blog\\\/\",\"name\":\"Dimora Italia\",\"description\":\"Dimora Italia\",\"publisher\":{\"@id\":\"https:\\\/\\\/www.dimoraitalia.com\\\/blog\\\/#organization\"},\"potentialAction\":[{\"@type\":\"SearchAction\",\"target\":{\"@type\":\"EntryPoint\",\"urlTemplate\":\"https:\\\/\\\/www.dimoraitalia.com\\\/blog\\\/?s={search_term_string}\"},\"query-input\":{\"@type\":\"PropertyValueSpecification\",\"valueRequired\":true,\"valueName\":\"search_term_string\"}}],\"inLanguage\":\"it-IT\"},{\"@type\":\"Organization\",\"@id\":\"https:\\\/\\\/www.dimoraitalia.com\\\/blog\\\/#organization\",\"name\":\"Dimora Italia\",\"url\":\"https:\\\/\\\/www.dimoraitalia.com\\\/blog\\\/\",\"logo\":{\"@type\":\"ImageObject\",\"inLanguage\":\"it-IT\",\"@id\":\"https:\\\/\\\/www.dimoraitalia.com\\\/blog\\\/#\\\/schema\\\/logo\\\/image\\\/\",\"url\":\"https:\\\/\\\/www.dimoraitalia.com\\\/blog\\\/wp-content\\\/uploads\\\/2024\\\/04\\\/LOGO-e1731590252437.jpeg\",\"contentUrl\":\"https:\\\/\\\/www.dimoraitalia.com\\\/blog\\\/wp-content\\\/uploads\\\/2024\\\/04\\\/LOGO-e1731590252437.jpeg\",\"width\":214,\"height\":116,\"caption\":\"Dimora Italia\"},\"image\":{\"@id\":\"https:\\\/\\\/www.dimoraitalia.com\\\/blog\\\/#\\\/schema\\\/logo\\\/image\\\/\"},\"sameAs\":[\"https:\\\/\\\/www.facebook.com\\\/dimoraitalia\\\/\",\"https:\\\/\\\/www.instagram.com\\\/dimoraitalia\\\/\"]},{\"@type\":\"Person\",\"@id\":\"https:\\\/\\\/www.dimoraitalia.com\\\/blog\\\/#\\\/schema\\\/person\\\/fd97a3c628ecbd215b85788bbdcbf8cd\",\"name\":\"Richard\",\"image\":{\"@type\":\"ImageObject\",\"inLanguage\":\"it-IT\",\"@id\":\"https:\\\/\\\/secure.gravatar.com\\\/avatar\\\/63f7d63df8bc500b7b072100eb25897597ec962e6be3ac33cf5045633fb5702a?s=96&d=mm&r=g\",\"url\":\"https:\\\/\\\/secure.gravatar.com\\\/avatar\\\/63f7d63df8bc500b7b072100eb25897597ec962e6be3ac33cf5045633fb5702a?s=96&d=mm&r=g\",\"contentUrl\":\"https:\\\/\\\/secure.gravatar.com\\\/avatar\\\/63f7d63df8bc500b7b072100eb25897597ec962e6be3ac33cf5045633fb5702a?s=96&d=mm&r=g\",\"caption\":\"Richard\"},\"url\":\"https:\\\/\\\/www.dimoraitalia.com\\\/blog\\\/it\\\/author\\\/richard\\\/\"}]}<\/script>\n<!-- \/ Yoast SEO plugin. -->","yoast_head_json":{"title":"Visita la Fortezza da Basso: la fortezza medicea di Firenze - La Dolce Vita: Travel in Italy","description":"Scopri la Fortezza da Basso, un sito storico di Firenze che ospita eventi, arte e un'architettura unica.","robots":{"index":"index","follow":"follow","max-snippet":"max-snippet:-1","max-image-preview":"max-image-preview:large","max-video-preview":"max-video-preview:-1"},"canonical":"https:\/\/www.dimoraitalia.com\/blog\/it\/fortezza-da-basso\/","og_locale":"it_IT","og_type":"article","og_title":"Visita la Fortezza da Basso: la fortezza medicea di Firenze - La Dolce Vita: Travel in Italy","og_description":"Scopri la Fortezza da Basso, un sito storico di Firenze che ospita eventi, arte e un'architettura unica.","og_url":"https:\/\/www.dimoraitalia.com\/blog\/it\/fortezza-da-basso\/","og_site_name":"La Dolce Vita: Travel in Italy","article_publisher":"https:\/\/www.facebook.com\/dimoraitalia\/","article_published_time":"2025-10-10T12:13:44+00:00","article_modified_time":"2025-10-28T07:55:22+00:00","og_image":[{"width":1758,"height":586,"url":"https:\/\/www.dimoraitalia.com\/blog\/wp-content\/uploads\/2025\/10\/Fortezza-da-Basso-in-Florence.jpg","type":"image\/jpeg"}],"author":"Richard","twitter_card":"summary_large_image","twitter_misc":{"Scritto da":"Richard","Tempo di lettura stimato":"6 minuti"},"schema":{"@context":"https:\/\/schema.org","@graph":[{"@type":"Article","@id":"https:\/\/www.dimoraitalia.com\/blog\/it\/fortezza-da-basso\/#article","isPartOf":{"@id":"https:\/\/www.dimoraitalia.com\/blog\/it\/fortezza-da-basso\/"},"author":{"name":"Richard","@id":"https:\/\/www.dimoraitalia.com\/blog\/#\/schema\/person\/fd97a3c628ecbd215b85788bbdcbf8cd"},"headline":"Visita la Fortezza da Basso: la fortezza medicea di Firenze","datePublished":"2025-10-10T12:13:44+00:00","dateModified":"2025-10-28T07:55:22+00:00","mainEntityOfPage":{"@id":"https:\/\/www.dimoraitalia.com\/blog\/it\/fortezza-da-basso\/"},"wordCount":1120,"publisher":{"@id":"https:\/\/www.dimoraitalia.com\/blog\/#organization"},"image":{"@id":"https:\/\/www.dimoraitalia.com\/blog\/it\/fortezza-da-basso\/#primaryimage"},"thumbnailUrl":"https:\/\/www.dimoraitalia.com\/blog\/wp-content\/uploads\/2025\/10\/Fortezza-da-Basso-in-Florence.jpg","articleSection":["Firenze"],"inLanguage":"it-IT"},{"@type":"WebPage","@id":"https:\/\/www.dimoraitalia.com\/blog\/it\/fortezza-da-basso\/","url":"https:\/\/www.dimoraitalia.com\/blog\/it\/fortezza-da-basso\/","name":"Visita la Fortezza da Basso: la fortezza medicea di Firenze - La Dolce Vita: Travel in Italy","isPartOf":{"@id":"https:\/\/www.dimoraitalia.com\/blog\/#website"},"primaryImageOfPage":{"@id":"https:\/\/www.dimoraitalia.com\/blog\/it\/fortezza-da-basso\/#primaryimage"},"image":{"@id":"https:\/\/www.dimoraitalia.com\/blog\/it\/fortezza-da-basso\/#primaryimage"},"thumbnailUrl":"https:\/\/www.dimoraitalia.com\/blog\/wp-content\/uploads\/2025\/10\/Fortezza-da-Basso-in-Florence.jpg","datePublished":"2025-10-10T12:13:44+00:00","dateModified":"2025-10-28T07:55:22+00:00","description":"Scopri la Fortezza da Basso, un sito storico di Firenze che ospita eventi, arte e un'architettura unica.","breadcrumb":{"@id":"https:\/\/www.dimoraitalia.com\/blog\/it\/fortezza-da-basso\/#breadcrumb"},"inLanguage":"it-IT","potentialAction":[{"@type":"ReadAction","target":["https:\/\/www.dimoraitalia.com\/blog\/it\/fortezza-da-basso\/"]}]},{"@type":"ImageObject","inLanguage":"it-IT","@id":"https:\/\/www.dimoraitalia.com\/blog\/it\/fortezza-da-basso\/#primaryimage","url":"https:\/\/www.dimoraitalia.com\/blog\/wp-content\/uploads\/2025\/10\/Fortezza-da-Basso-in-Florence.jpg","contentUrl":"https:\/\/www.dimoraitalia.com\/blog\/wp-content\/uploads\/2025\/10\/Fortezza-da-Basso-in-Florence.jpg","width":1758,"height":586,"caption":"Fortezza-da-Basso-in-Florence.jpg"},{"@type":"BreadcrumbList","@id":"https:\/\/www.dimoraitalia.com\/blog\/it\/fortezza-da-basso\/#breadcrumb","itemListElement":[{"@type":"ListItem","position":1,"name":"Home","item":"https:\/\/www.dimoraitalia.com\/blog\/"},{"@type":"ListItem","position":2,"name":"Visita la Fortezza da Basso: la fortezza medicea di Firenze"}]},{"@type":"WebSite","@id":"https:\/\/www.dimoraitalia.com\/blog\/#website","url":"https:\/\/www.dimoraitalia.com\/blog\/","name":"Dimora Italia","description":"Dimora Italia","publisher":{"@id":"https:\/\/www.dimoraitalia.com\/blog\/#organization"},"potentialAction":[{"@type":"SearchAction","target":{"@type":"EntryPoint","urlTemplate":"https:\/\/www.dimoraitalia.com\/blog\/?s={search_term_string}"},"query-input":{"@type":"PropertyValueSpecification","valueRequired":true,"valueName":"search_term_string"}}],"inLanguage":"it-IT"},{"@type":"Organization","@id":"https:\/\/www.dimoraitalia.com\/blog\/#organization","name":"Dimora Italia","url":"https:\/\/www.dimoraitalia.com\/blog\/","logo":{"@type":"ImageObject","inLanguage":"it-IT","@id":"https:\/\/www.dimoraitalia.com\/blog\/#\/schema\/logo\/image\/","url":"https:\/\/www.dimoraitalia.com\/blog\/wp-content\/uploads\/2024\/04\/LOGO-e1731590252437.jpeg","contentUrl":"https:\/\/www.dimoraitalia.com\/blog\/wp-content\/uploads\/2024\/04\/LOGO-e1731590252437.jpeg","width":214,"height":116,"caption":"Dimora Italia"},"image":{"@id":"https:\/\/www.dimoraitalia.com\/blog\/#\/schema\/logo\/image\/"},"sameAs":["https:\/\/www.facebook.com\/dimoraitalia\/","https:\/\/www.instagram.com\/dimoraitalia\/"]},{"@type":"Person","@id":"https:\/\/www.dimoraitalia.com\/blog\/#\/schema\/person\/fd97a3c628ecbd215b85788bbdcbf8cd","name":"Richard","image":{"@type":"ImageObject","inLanguage":"it-IT","@id":"https:\/\/secure.gravatar.com\/avatar\/63f7d63df8bc500b7b072100eb25897597ec962e6be3ac33cf5045633fb5702a?s=96&d=mm&r=g","url":"https:\/\/secure.gravatar.com\/avatar\/63f7d63df8bc500b7b072100eb25897597ec962e6be3ac33cf5045633fb5702a?s=96&d=mm&r=g","contentUrl":"https:\/\/secure.gravatar.com\/avatar\/63f7d63df8bc500b7b072100eb25897597ec962e6be3ac33cf5045633fb5702a?s=96&d=mm&r=g","caption":"Richard"},"url":"https:\/\/www.dimoraitalia.com\/blog\/it\/author\/richard\/"}]}},"_links":{"self":[{"href":"https:\/\/www.dimoraitalia.com\/blog\/it\/wp-json\/wp\/v2\/posts\/5023","targetHints":{"allow":["GET"]}}],"collection":[{"href":"https:\/\/www.dimoraitalia.com\/blog\/it\/wp-json\/wp\/v2\/posts"}],"about":[{"href":"https:\/\/www.dimoraitalia.com\/blog\/it\/wp-json\/wp\/v2\/types\/post"}],"author":[{"embeddable":true,"href":"https:\/\/www.dimoraitalia.com\/blog\/it\/wp-json\/wp\/v2\/users\/3"}],"replies":[{"embeddable":true,"href":"https:\/\/www.dimoraitalia.com\/blog\/it\/wp-json\/wp\/v2\/comments?post=5023"}],"version-history":[{"count":1,"href":"https:\/\/www.dimoraitalia.com\/blog\/it\/wp-json\/wp\/v2\/posts\/5023\/revisions"}],"predecessor-version":[{"id":5024,"href":"https:\/\/www.dimoraitalia.com\/blog\/it\/wp-json\/wp\/v2\/posts\/5023\/revisions\/5024"}],"wp:featuredmedia":[{"embeddable":true,"href":"https:\/\/www.dimoraitalia.com\/blog\/it\/wp-json\/wp\/v2\/media\/4966"}],"wp:attachment":[{"href":"https:\/\/www.dimoraitalia.com\/blog\/it\/wp-json\/wp\/v2\/media?parent=5023"}],"wp:term":[{"taxonomy":"category","embeddable":true,"href":"https:\/\/www.dimoraitalia.com\/blog\/it\/wp-json\/wp\/v2\/categories?post=5023"},{"taxonomy":"post_tag","embeddable":true,"href":"https:\/\/www.dimoraitalia.com\/blog\/it\/wp-json\/wp\/v2\/tags?post=5023"}],"curies":[{"name":"wp","href":"https:\/\/api.w.org\/{rel}","templated":true}]}}